{"id":2520,"date":"2024-06-13T13:27:21","date_gmt":"2024-06-13T18:27:21","guid":{"rendered":"https:\/\/stelizabethfoundation.org\/entendiendo-la-adopcion-como-se-sienten-los-ninos\/"},"modified":"2024-07-15T08:50:40","modified_gmt":"2024-07-15T13:50:40","slug":"entendiendo-la-adopcion-como-se-sienten-los-ninos","status":"publish","type":"post","link":"https:\/\/stelizabethfoundation.org\/es\/entendiendo-la-adopcion-como-se-sienten-los-ninos\/","title":{"rendered":"Entendiendo la Adopci\u00f3n: C\u00f3mo Se Sienten los Ni\u00f1os"},"content":{"rendered":"\n<p><a href=\"https:\/\/stelizabethfoundation.org\/es\/embarazo-no-planificado-2\/\">La adopci\u00f3n<\/a> puede ser una experiencia profundamente positiva para los ni\u00f1os, ya que les ofrece la oportunidad de crecer en un entorno enriquecedor y de apoyo. Muchos ni\u00f1os adoptados prosperan en sus nuevas familias, desarrollando un fuerte sentido de pertenencia e identidad. Para las madres biol\u00f3gicas, comprender c\u00f3mo la adopci\u00f3n puede tener un impacto positivo en la vida de su hijo es crucial para tomar las mejores decisiones posibles.<\/p>\n\n<p>Con la orientaci\u00f3n y el apoyo constante de <a href=\"https:\/\/stelizabethfoundation.org\/es\/\">la Fundaci\u00f3n St. Elizabeth<\/a>, podemos ayudar a las madres biol\u00f3gicas a navegar el viaje de la adopci\u00f3n. Si usted es una madre biol\u00f3gica que est\u00e1 considerando la adopci\u00f3n, obtenga m\u00e1s informaci\u00f3n sobre los beneficios que esta decisi\u00f3n puede tener en su hijo.<\/p>\n\n<div style=\"height:25px\" aria-hidden=\"true\" class=\"wp-block-spacer\"><\/div>\n\n<h2 class=\"wp-block-heading\">\u00bfC\u00f3mo se sienten los ni\u00f1os al ser adoptados?<\/h2>\n\n<p>Para muchos ni\u00f1os, enterarse de su adopci\u00f3n conlleva una mezcla de emociones, como la curiosidad, el orgullo y el respeto. En algunos casos, puede fomentar un profundo aprecio por la decisi\u00f3n tomada por sus madres biol\u00f3gicas. Estos son solo algunos de los beneficios positivos que la adopci\u00f3n puede tener para su beb\u00e9.<\/p>\n\n<div style=\"height:25px\" aria-hidden=\"true\" class=\"wp-block-spacer\"><\/div>\n\n<h3 class=\"wp-block-heading\">Tienen un sentido de pertenencia<\/h3>\n\n<p>Muchos adoptados sienten un fuerte sentido de pertenencia dentro de sus familias adoptivas. Esta sensaci\u00f3n de seguridad es crucial para su bienestar emocional, ayud\u00e1ndoles a prosperar y desarrollar relaciones s\u00f3lidas y saludables. Adem\u00e1s, los estudios han demostrado que <a href=\"https:\/\/www.ncbi.nlm.nih.gov\/pmc\/articles\/PMC3743089\/\" target=\"_blank\" rel=\"noreferrer noopener\">el 86% de los adoptados<\/a> que tuvieron contacto abierto con sus padres biol\u00f3gicos se sienten muy satisfechos con esa apertura.<\/p>\n\n<div style=\"height:25px\" aria-hidden=\"true\" class=\"wp-block-spacer\"><\/div>\n\n<h3 class=\"wp-block-heading\">Sienten gratitud por sus madres biol\u00f3gicas<\/h3>\n\n<p>En <a href=\"https:\/\/stelizabethfoundation.org\/es\/cuales-son-mis-opciones-de-adopcion-en-luisiana\/\">las adopciones abiertas o semiabiertas<\/a>, los padres adoptivos y los adoptados pueden compartir la comunicaci\u00f3n directa con las madres biol\u00f3gicas. Esto no solo puede ayudar a un adoptado a desarrollar una mejor comprensi\u00f3n de la adopci\u00f3n, sino que tambi\u00e9n puede formar una comprensi\u00f3n positiva de c\u00f3mo y por qu\u00e9 su madre tom\u00f3 su decisi\u00f3n. Con este conocimiento, los adoptados a menudo expresan gratitud hacia sus madres biol\u00f3gicas, reconociendo la decisi\u00f3n desinteresada de la adopci\u00f3n. Este acto de amor y sacrificio es profundamente apreciado.<\/p>\n\n<div style=\"height:25px\" aria-hidden=\"true\" class=\"wp-block-spacer\"><\/div>\n\n<h3 class=\"wp-block-heading\">Entienden mejor su identidad<\/h3>\n\n<p>Aprender sobre sus antecedentes biol\u00f3gicos es crucial para los ni\u00f1os adoptados. Les proporciona una comprensi\u00f3n m\u00e1s profunda de su historia familiar. Esta informaci\u00f3n tambi\u00e9n es valiosa para abordar las necesidades m\u00e9dicas, ayudando a los adoptados y a sus familias adoptivas a anticipar posibles problemas de salud o afecciones gen\u00e9ticas. Este conocimiento de su familia y antecedentes m\u00e9dicos puede ayudar a los adoptados a comprender mejor su propia identidad.<\/p>\n\n<div style=\"height:35px\" aria-hidden=\"true\" class=\"wp-block-spacer\"><\/div>\n\n<figure class=\"wp-block-embed aligncenter is-type-video is-provider-youtube wp-block-embed-youtube wp-embed-aspect-16-9 wp-has-aspect-ratio\"><div class=\"wp-block-embed__wrapper\">\n<iframe title=\"Clare&#039;s Story\" width=\"500\" height=\"281\" data-src=\"https:\/\/www.youtube.com\/embed\/yYYsj_bKnbQ?feature=oembed\" frameborder=\"0\" allow=\"accelerometer; autoplay; clipboard-write; encrypted-media; gyroscope; picture-in-picture; web-share\" referrerpolicy=\"strict-origin-when-cross-origin\" allowfullscreen src=\"data:image\/svg+xml;base64,PHN2ZyB3aWR0aD0iMSIgaGVpZ2h0PSIxIiB4bWxucz0iaHR0cDovL3d3dy53My5vcmcvMjAwMC9zdmciPjwvc3ZnPg==\" class=\"lazyload\" data-load-mode=\"1\"><\/iframe>\n<\/div><\/figure>\n\n<div style=\"height:35px\" aria-hidden=\"true\" class=\"wp-block-spacer\"><\/div>\n\n<h3 class=\"wp-block-heading\">La historia de Clare: Entendiendo la adopci\u00f3n desde el punto de vista de un adoptado<\/h3>\n\n<p>La historia de adopci\u00f3n de Clare con la Fundaci\u00f3n St. Elizabeth muestra la belleza de crecer en una familia formada por adopci\u00f3n abierta. A trav\u00e9s de la oraci\u00f3n y el altruismo, su madre, Michelle, decidi\u00f3 darla en adopci\u00f3n en el amoroso hogar de Susan y Paul.<\/p>\n\n<p><strong>Esto es lo que Clare tiene que decir sobre su experiencia.<\/strong><\/p>\n\n<p>\u00abCuando estoy conociendo a alguien, eso es algo que digo sobre m\u00ed mismo. Soy adoptada y no es un secreto\u00bb, comparte Clare. Contin\u00faa diciendo que su gratitud hacia su madre biol\u00f3gica, Michelle, es evidente: \u00abEstoy agradecida por la vida que Michelle me dio\u00bb.<\/p>\n\n<p>Los padres adoptivos de Clare compartieron abiertamente fotos e historias de su madre biol\u00f3gica. Cuando Clare conoci\u00f3 a Michelle en persona cuando cumpli\u00f3 18 a\u00f1os, fue una experiencia profunda.<\/p>\n\n<p>\u00abEso fue incre\u00edble. Hablamos durante unas dos horas, realmente nos est\u00e1bamos conociendo\u00bb. Esta reuni\u00f3n respondi\u00f3 a muchas preguntas que Clare ten\u00eda mientras crec\u00eda y fortaleci\u00f3 su comprensi\u00f3n de su identidad.<\/p>\n\n<p><strong>Michelle, la madre biol\u00f3gica de Clare, tambi\u00e9n comparte su perspectiva.<\/strong><\/p>\n\n<p>\u00abSoy muy afortunada de que ella me permita ser parte de su vida\u00bb. Michelle habla con cari\u00f1o del tiempo que pas\u00f3 con Clare despu\u00e9s del parto, sabiendo que tom\u00f3 la decisi\u00f3n correcta. \u00abMe sentaba all\u00ed y la abrazaba y la besaba y le dec\u00eda cu\u00e1nto la amaba, y le dec\u00eda que esto es lo mejor, que te van a amar y que vas a tener una gran vida\u00bb.<\/p>\n\n<p>Clare, ahora graduada de la universidad, tiene una relaci\u00f3n amorosa tanto con sus padres adoptivos como con su madre biol\u00f3gica. Y se enorgullece de compartir su inspiradora historia de adopci\u00f3n con los dem\u00e1s.<\/p>\n\n<p>Lea y vea m\u00e1s <a href=\"https:\/\/stelizabethfoundation.org\/es\/nuestras-historias\/\">historias de adopci\u00f3n<\/a> de madres biol\u00f3gicas, adoptados y padres adoptivos de la Fundaci\u00f3n St. Elizabeth.<\/p>\n\n<div style=\"height:25px\" aria-hidden=\"true\" class=\"wp-block-spacer\"><\/div>\n\n<h2 class=\"wp-block-heading\">Explore sus opciones con St. Elizabeth Foundation<\/h2>\n\n<p>Elegir la adopci\u00f3n es una decisi\u00f3n amorosa y desinteresada que puede conducir a un futuro positivo para su hijo. En la Fundaci\u00f3n St. Elizabeth, estamos aqu\u00ed para apoyarlo y alentarlo en cada paso de este viaje. Si est\u00e1s pensando en adopci\u00f3n, comun\u00edcate con nosotros para obtener m\u00e1s informaci\u00f3n. <a href=\"https:\/\/stelizabethfoundation.org\/es\/contactenos\/\">Env\u00edenos un mensaje<\/a> o llame al 225-769-8888 hoy. Desde comprender la adopci\u00f3n hasta encontrar una mano amiga que lo gu\u00ede a trav\u00e9s del proceso de adopci\u00f3n, nuestro equipo est\u00e1 listo para brindarle la atenci\u00f3n que necesita.<\/p>\n","protected":false},"excerpt":{"rendered":"<p>La adopci\u00f3n puede ser una experiencia profundamente positiva para los ni\u00f1os, ya que les ofrece la oportunidad de crecer en un entorno enriquecedor y de apoyo. Muchos ni\u00f1os adoptados prosperan en sus nuevas familias, desarrollando un fuerte sentido de pertenencia e identidad. Para las madres biol\u00f3gicas, comprender c\u00f3mo la adopci\u00f3n puede tener un impacto positivo [&hellip;]<\/p>\n","protected":false},"author":1,"featured_media":2497,"comment_status":"closed","ping_status":"closed","sticky":false,"template":"","format":"standard","meta":{"_acf_changed":false,"_monsterinsights_skip_tracking":false,"_monsterinsights_sitenote_active":false,"_monsterinsights_sitenote_note":"","_monsterinsights_sitenote_category":0,"footnotes":""},"categories":[30],"tags":[],"class_list":["post-2520","post","type-post","status-publish","format-standard","has-post-thumbnail","hentry","category-adopcion"],"acf":[],"yoast_head":"<!-- This site is optimized with the Yoast SEO plugin v27.4 - https:\/\/yoast.com\/product\/yoast-seo-wordpress\/ -->\n<title>Entendiendo la Adopci\u00f3n: La Perspectiva de un Ni\u00f1o<\/title>\n<meta name=\"description\" content=\"Entender la adopci\u00f3n es esencial para los adoptados. Aprenda sobre los impactos positivos y las relaciones que pueden surgir de la apertura en la adopci\u00f3n.\" \/>\n<meta name=\"robots\" content=\"index, follow, max-snippet:-1, max-image-preview:large, max-video-preview:-1\" \/>\n<link rel=\"canonical\" href=\"https:\/\/stelizabethfoundation.org\/es\/entendiendo-la-adopcion-como-se-sienten-los-ninos\/\" \/>\n<meta property=\"og:locale\" content=\"es_ES\" \/>\n<meta property=\"og:type\" content=\"article\" \/>\n<meta property=\"og:title\" content=\"Entendiendo la Adopci\u00f3n: La Perspectiva de un Ni\u00f1o\" \/>\n<meta property=\"og:description\" content=\"Entender la adopci\u00f3n es esencial para los adoptados. Aprenda sobre los impactos positivos y las relaciones que pueden surgir de la apertura en la adopci\u00f3n.\" \/>\n<meta property=\"og:url\" content=\"https:\/\/stelizabethfoundation.org\/es\/entendiendo-la-adopcion-como-se-sienten-los-ninos\/\" \/>\n<meta property=\"og:site_name\" content=\"St. Elizabeth Foundation\" \/>\n<meta property=\"article:publisher\" content=\"https:\/\/www.facebook.com\/stelizabethfoundation\/\" \/>\n<meta property=\"article:published_time\" content=\"2024-06-13T18:27:21+00:00\" \/>\n<meta property=\"article:modified_time\" content=\"2024-07-15T13:50:40+00:00\" \/>\n<meta property=\"og:image\" content=\"https:\/\/stelizabethfoundation.org\/wp-content\/uploads\/2024\/06\/St.-Elizabeth-1-June.jpg\" \/>\n\t<meta property=\"og:image:width\" content=\"2119\" \/>\n\t<meta property=\"og:image:height\" content=\"1415\" \/>\n\t<meta property=\"og:image:type\" content=\"image\/jpeg\" \/>\n<meta name=\"author\" content=\"St. Elizabeth Foundation\" \/>\n<meta name=\"twitter:card\" content=\"summary_large_image\" \/>\n<meta name=\"twitter:creator\" content=\"@stelizabeth88\" \/>\n<meta name=\"twitter:site\" content=\"@stelizabeth88\" \/>\n<meta name=\"twitter:label1\" content=\"Escrito por\" \/>\n\t<meta name=\"twitter:data1\" content=\"St. Elizabeth Foundation\" \/>\n\t<meta name=\"twitter:label2\" content=\"Tiempo de lectura\" \/>\n\t<meta name=\"twitter:data2\" content=\"5 minutos\" \/>\n<script type=\"application\/ld+json\" class=\"yoast-schema-graph\">{\"@context\":\"https:\\\/\\\/schema.org\",\"@graph\":[{\"@type\":\"Article\",\"@id\":\"https:\\\/\\\/stelizabethfoundation.org\\\/es\\\/entendiendo-la-adopcion-como-se-sienten-los-ninos\\\/#article\",\"isPartOf\":{\"@id\":\"https:\\\/\\\/stelizabethfoundation.org\\\/es\\\/entendiendo-la-adopcion-como-se-sienten-los-ninos\\\/\"},\"author\":{\"name\":\"St. Elizabeth Foundation\",\"@id\":\"https:\\\/\\\/stelizabethfoundation.org\\\/es\\\/#\\\/schema\\\/person\\\/9e19361abf73e05085e3d2ff9a700b5b\"},\"headline\":\"Entendiendo la Adopci\u00f3n: C\u00f3mo Se Sienten los Ni\u00f1os\",\"datePublished\":\"2024-06-13T18:27:21+00:00\",\"dateModified\":\"2024-07-15T13:50:40+00:00\",\"mainEntityOfPage\":{\"@id\":\"https:\\\/\\\/stelizabethfoundation.org\\\/es\\\/entendiendo-la-adopcion-como-se-sienten-los-ninos\\\/\"},\"wordCount\":915,\"publisher\":{\"@id\":\"https:\\\/\\\/stelizabethfoundation.org\\\/es\\\/#organization\"},\"image\":{\"@id\":\"https:\\\/\\\/stelizabethfoundation.org\\\/es\\\/entendiendo-la-adopcion-como-se-sienten-los-ninos\\\/#primaryimage\"},\"thumbnailUrl\":\"https:\\\/\\\/stelizabethfoundation.org\\\/wp-content\\\/uploads\\\/2024\\\/06\\\/St.-Elizabeth-1-June.jpg\",\"articleSection\":[\"Adopci\u00f3n\"],\"inLanguage\":\"es\"},{\"@type\":\"WebPage\",\"@id\":\"https:\\\/\\\/stelizabethfoundation.org\\\/es\\\/entendiendo-la-adopcion-como-se-sienten-los-ninos\\\/\",\"url\":\"https:\\\/\\\/stelizabethfoundation.org\\\/es\\\/entendiendo-la-adopcion-como-se-sienten-los-ninos\\\/\",\"name\":\"Entendiendo la Adopci\u00f3n: La Perspectiva de un Ni\u00f1o\",\"isPartOf\":{\"@id\":\"https:\\\/\\\/stelizabethfoundation.org\\\/es\\\/#website\"},\"primaryImageOfPage\":{\"@id\":\"https:\\\/\\\/stelizabethfoundation.org\\\/es\\\/entendiendo-la-adopcion-como-se-sienten-los-ninos\\\/#primaryimage\"},\"image\":{\"@id\":\"https:\\\/\\\/stelizabethfoundation.org\\\/es\\\/entendiendo-la-adopcion-como-se-sienten-los-ninos\\\/#primaryimage\"},\"thumbnailUrl\":\"https:\\\/\\\/stelizabethfoundation.org\\\/wp-content\\\/uploads\\\/2024\\\/06\\\/St.-Elizabeth-1-June.jpg\",\"datePublished\":\"2024-06-13T18:27:21+00:00\",\"dateModified\":\"2024-07-15T13:50:40+00:00\",\"description\":\"Entender la adopci\u00f3n es esencial para los adoptados. Aprenda sobre los impactos positivos y las relaciones que pueden surgir de la apertura en la adopci\u00f3n.\",\"breadcrumb\":{\"@id\":\"https:\\\/\\\/stelizabethfoundation.org\\\/es\\\/entendiendo-la-adopcion-como-se-sienten-los-ninos\\\/#breadcrumb\"},\"inLanguage\":\"es\",\"potentialAction\":[{\"@type\":\"ReadAction\",\"target\":[\"https:\\\/\\\/stelizabethfoundation.org\\\/es\\\/entendiendo-la-adopcion-como-se-sienten-los-ninos\\\/\"]}]},{\"@type\":\"ImageObject\",\"inLanguage\":\"es\",\"@id\":\"https:\\\/\\\/stelizabethfoundation.org\\\/es\\\/entendiendo-la-adopcion-como-se-sienten-los-ninos\\\/#primaryimage\",\"url\":\"https:\\\/\\\/stelizabethfoundation.org\\\/wp-content\\\/uploads\\\/2024\\\/06\\\/St.-Elizabeth-1-June.jpg\",\"contentUrl\":\"https:\\\/\\\/stelizabethfoundation.org\\\/wp-content\\\/uploads\\\/2024\\\/06\\\/St.-Elizabeth-1-June.jpg\",\"width\":2119,\"height\":1415,\"caption\":\"Smiling mom holding her adorable little adopted baby girl with a pacifier in her mouth in her arms at home\"},{\"@type\":\"BreadcrumbList\",\"@id\":\"https:\\\/\\\/stelizabethfoundation.org\\\/es\\\/entendiendo-la-adopcion-como-se-sienten-los-ninos\\\/#breadcrumb\",\"itemListElement\":[{\"@type\":\"ListItem\",\"position\":1,\"name\":\"Home\",\"item\":\"https:\\\/\\\/stelizabethfoundation.org\\\/es\\\/esta-embarazada\\\/\"},{\"@type\":\"ListItem\",\"position\":2,\"name\":\"Entendiendo la Adopci\u00f3n: C\u00f3mo Se Sienten los Ni\u00f1os\"}]},{\"@type\":\"WebSite\",\"@id\":\"https:\\\/\\\/stelizabethfoundation.org\\\/es\\\/#website\",\"url\":\"https:\\\/\\\/stelizabethfoundation.org\\\/es\\\/\",\"name\":\"St. Elizabeth Foundation\",\"description\":\"Louisiana Adoption Agency Unplanned Pregnancy\",\"publisher\":{\"@id\":\"https:\\\/\\\/stelizabethfoundation.org\\\/es\\\/#organization\"},\"potentialAction\":[{\"@type\":\"SearchAction\",\"target\":{\"@type\":\"EntryPoint\",\"urlTemplate\":\"https:\\\/\\\/stelizabethfoundation.org\\\/es\\\/?s={search_term_string}\"},\"query-input\":{\"@type\":\"PropertyValueSpecification\",\"valueRequired\":true,\"valueName\":\"search_term_string\"}}],\"inLanguage\":\"es\"},{\"@type\":\"Organization\",\"@id\":\"https:\\\/\\\/stelizabethfoundation.org\\\/es\\\/#organization\",\"name\":\"St. Elizabeth Foundation\",\"url\":\"https:\\\/\\\/stelizabethfoundation.org\\\/es\\\/\",\"logo\":{\"@type\":\"ImageObject\",\"inLanguage\":\"es\",\"@id\":\"https:\\\/\\\/stelizabethfoundation.org\\\/es\\\/#\\\/schema\\\/logo\\\/image\\\/\",\"url\":\"https:\\\/\\\/stelizabethfoundation.org\\\/wp-content\\\/uploads\\\/2020\\\/06\\\/StElizabeth_Logo_01.svg\",\"contentUrl\":\"https:\\\/\\\/stelizabethfoundation.org\\\/wp-content\\\/uploads\\\/2020\\\/06\\\/StElizabeth_Logo_01.svg\",\"width\":240,\"height\":68,\"caption\":\"St. Elizabeth Foundation\"},\"image\":{\"@id\":\"https:\\\/\\\/stelizabethfoundation.org\\\/es\\\/#\\\/schema\\\/logo\\\/image\\\/\"},\"sameAs\":[\"https:\\\/\\\/www.facebook.com\\\/stelizabethfoundation\\\/\",\"https:\\\/\\\/x.com\\\/stelizabeth88\",\"https:\\\/\\\/www.instagram.com\\\/saintelizabeth88\\\/\"]},{\"@type\":\"Person\",\"@id\":\"https:\\\/\\\/stelizabethfoundation.org\\\/es\\\/#\\\/schema\\\/person\\\/9e19361abf73e05085e3d2ff9a700b5b\",\"name\":\"St. Elizabeth Foundation\",\"image\":{\"@type\":\"ImageObject\",\"inLanguage\":\"es\",\"@id\":\"https:\\\/\\\/secure.gravatar.com\\\/avatar\\\/7c414fbfb65fded5bcf4e5ee92dd181cb0ef1b0d0652de95ce599a4fcdb551b0?s=96&d=mm&r=g\",\"url\":\"https:\\\/\\\/secure.gravatar.com\\\/avatar\\\/7c414fbfb65fded5bcf4e5ee92dd181cb0ef1b0d0652de95ce599a4fcdb551b0?s=96&d=mm&r=g\",\"contentUrl\":\"https:\\\/\\\/secure.gravatar.com\\\/avatar\\\/7c414fbfb65fded5bcf4e5ee92dd181cb0ef1b0d0652de95ce599a4fcdb551b0?s=96&d=mm&r=g\",\"caption\":\"St. Elizabeth Foundation\"},\"sameAs\":[\"https:\\\/\\\/stelizabethfoundation.org\"],\"url\":\"https:\\\/\\\/stelizabethfoundation.org\\\/es\\\/author\\\/gatorworksdev\\\/\"}]}<\/script>\n<!-- \/ Yoast SEO plugin. -->","yoast_head_json":{"title":"Entendiendo la Adopci\u00f3n: La Perspectiva de un Ni\u00f1o","description":"Entender la adopci\u00f3n es esencial para los adoptados. Aprenda sobre los impactos positivos y las relaciones que pueden surgir de la apertura en la adopci\u00f3n.","robots":{"index":"index","follow":"follow","max-snippet":"max-snippet:-1","max-image-preview":"max-image-preview:large","max-video-preview":"max-video-preview:-1"},"canonical":"https:\/\/stelizabethfoundation.org\/es\/entendiendo-la-adopcion-como-se-sienten-los-ninos\/","og_locale":"es_ES","og_type":"article","og_title":"Entendiendo la Adopci\u00f3n: La Perspectiva de un Ni\u00f1o","og_description":"Entender la adopci\u00f3n es esencial para los adoptados. Aprenda sobre los impactos positivos y las relaciones que pueden surgir de la apertura en la adopci\u00f3n.","og_url":"https:\/\/stelizabethfoundation.org\/es\/entendiendo-la-adopcion-como-se-sienten-los-ninos\/","og_site_name":"St. Elizabeth Foundation","article_publisher":"https:\/\/www.facebook.com\/stelizabethfoundation\/","article_published_time":"2024-06-13T18:27:21+00:00","article_modified_time":"2024-07-15T13:50:40+00:00","og_image":[{"width":2119,"height":1415,"url":"https:\/\/stelizabethfoundation.org\/wp-content\/uploads\/2024\/06\/St.-Elizabeth-1-June.jpg","type":"image\/jpeg"}],"author":"St. Elizabeth Foundation","twitter_card":"summary_large_image","twitter_creator":"@stelizabeth88","twitter_site":"@stelizabeth88","twitter_misc":{"Escrito por":"St. Elizabeth Foundation","Tiempo de lectura":"5 minutos"},"schema":{"@context":"https:\/\/schema.org","@graph":[{"@type":"Article","@id":"https:\/\/stelizabethfoundation.org\/es\/entendiendo-la-adopcion-como-se-sienten-los-ninos\/#article","isPartOf":{"@id":"https:\/\/stelizabethfoundation.org\/es\/entendiendo-la-adopcion-como-se-sienten-los-ninos\/"},"author":{"name":"St. Elizabeth Foundation","@id":"https:\/\/stelizabethfoundation.org\/es\/#\/schema\/person\/9e19361abf73e05085e3d2ff9a700b5b"},"headline":"Entendiendo la Adopci\u00f3n: C\u00f3mo Se Sienten los Ni\u00f1os","datePublished":"2024-06-13T18:27:21+00:00","dateModified":"2024-07-15T13:50:40+00:00","mainEntityOfPage":{"@id":"https:\/\/stelizabethfoundation.org\/es\/entendiendo-la-adopcion-como-se-sienten-los-ninos\/"},"wordCount":915,"publisher":{"@id":"https:\/\/stelizabethfoundation.org\/es\/#organization"},"image":{"@id":"https:\/\/stelizabethfoundation.org\/es\/entendiendo-la-adopcion-como-se-sienten-los-ninos\/#primaryimage"},"thumbnailUrl":"https:\/\/stelizabethfoundation.org\/wp-content\/uploads\/2024\/06\/St.-Elizabeth-1-June.jpg","articleSection":["Adopci\u00f3n"],"inLanguage":"es"},{"@type":"WebPage","@id":"https:\/\/stelizabethfoundation.org\/es\/entendiendo-la-adopcion-como-se-sienten-los-ninos\/","url":"https:\/\/stelizabethfoundation.org\/es\/entendiendo-la-adopcion-como-se-sienten-los-ninos\/","name":"Entendiendo la Adopci\u00f3n: La Perspectiva de un Ni\u00f1o","isPartOf":{"@id":"https:\/\/stelizabethfoundation.org\/es\/#website"},"primaryImageOfPage":{"@id":"https:\/\/stelizabethfoundation.org\/es\/entendiendo-la-adopcion-como-se-sienten-los-ninos\/#primaryimage"},"image":{"@id":"https:\/\/stelizabethfoundation.org\/es\/entendiendo-la-adopcion-como-se-sienten-los-ninos\/#primaryimage"},"thumbnailUrl":"https:\/\/stelizabethfoundation.org\/wp-content\/uploads\/2024\/06\/St.-Elizabeth-1-June.jpg","datePublished":"2024-06-13T18:27:21+00:00","dateModified":"2024-07-15T13:50:40+00:00","description":"Entender la adopci\u00f3n es esencial para los adoptados. Aprenda sobre los impactos positivos y las relaciones que pueden surgir de la apertura en la adopci\u00f3n.","breadcrumb":{"@id":"https:\/\/stelizabethfoundation.org\/es\/entendiendo-la-adopcion-como-se-sienten-los-ninos\/#breadcrumb"},"inLanguage":"es","potentialAction":[{"@type":"ReadAction","target":["https:\/\/stelizabethfoundation.org\/es\/entendiendo-la-adopcion-como-se-sienten-los-ninos\/"]}]},{"@type":"ImageObject","inLanguage":"es","@id":"https:\/\/stelizabethfoundation.org\/es\/entendiendo-la-adopcion-como-se-sienten-los-ninos\/#primaryimage","url":"https:\/\/stelizabethfoundation.org\/wp-content\/uploads\/2024\/06\/St.-Elizabeth-1-June.jpg","contentUrl":"https:\/\/stelizabethfoundation.org\/wp-content\/uploads\/2024\/06\/St.-Elizabeth-1-June.jpg","width":2119,"height":1415,"caption":"Smiling mom holding her adorable little adopted baby girl with a pacifier in her mouth in her arms at home"},{"@type":"BreadcrumbList","@id":"https:\/\/stelizabethfoundation.org\/es\/entendiendo-la-adopcion-como-se-sienten-los-ninos\/#breadcrumb","itemListElement":[{"@type":"ListItem","position":1,"name":"Home","item":"https:\/\/stelizabethfoundation.org\/es\/esta-embarazada\/"},{"@type":"ListItem","position":2,"name":"Entendiendo la Adopci\u00f3n: C\u00f3mo Se Sienten los Ni\u00f1os"}]},{"@type":"WebSite","@id":"https:\/\/stelizabethfoundation.org\/es\/#website","url":"https:\/\/stelizabethfoundation.org\/es\/","name":"St. Elizabeth Foundation","description":"Louisiana Adoption Agency Unplanned Pregnancy","publisher":{"@id":"https:\/\/stelizabethfoundation.org\/es\/#organization"},"potentialAction":[{"@type":"SearchAction","target":{"@type":"EntryPoint","urlTemplate":"https:\/\/stelizabethfoundation.org\/es\/?s={search_term_string}"},"query-input":{"@type":"PropertyValueSpecification","valueRequired":true,"valueName":"search_term_string"}}],"inLanguage":"es"},{"@type":"Organization","@id":"https:\/\/stelizabethfoundation.org\/es\/#organization","name":"St. Elizabeth Foundation","url":"https:\/\/stelizabethfoundation.org\/es\/","logo":{"@type":"ImageObject","inLanguage":"es","@id":"https:\/\/stelizabethfoundation.org\/es\/#\/schema\/logo\/image\/","url":"https:\/\/stelizabethfoundation.org\/wp-content\/uploads\/2020\/06\/StElizabeth_Logo_01.svg","contentUrl":"https:\/\/stelizabethfoundation.org\/wp-content\/uploads\/2020\/06\/StElizabeth_Logo_01.svg","width":240,"height":68,"caption":"St. Elizabeth Foundation"},"image":{"@id":"https:\/\/stelizabethfoundation.org\/es\/#\/schema\/logo\/image\/"},"sameAs":["https:\/\/www.facebook.com\/stelizabethfoundation\/","https:\/\/x.com\/stelizabeth88","https:\/\/www.instagram.com\/saintelizabeth88\/"]},{"@type":"Person","@id":"https:\/\/stelizabethfoundation.org\/es\/#\/schema\/person\/9e19361abf73e05085e3d2ff9a700b5b","name":"St. Elizabeth Foundation","image":{"@type":"ImageObject","inLanguage":"es","@id":"https:\/\/secure.gravatar.com\/avatar\/7c414fbfb65fded5bcf4e5ee92dd181cb0ef1b0d0652de95ce599a4fcdb551b0?s=96&d=mm&r=g","url":"https:\/\/secure.gravatar.com\/avatar\/7c414fbfb65fded5bcf4e5ee92dd181cb0ef1b0d0652de95ce599a4fcdb551b0?s=96&d=mm&r=g","contentUrl":"https:\/\/secure.gravatar.com\/avatar\/7c414fbfb65fded5bcf4e5ee92dd181cb0ef1b0d0652de95ce599a4fcdb551b0?s=96&d=mm&r=g","caption":"St. Elizabeth Foundation"},"sameAs":["https:\/\/stelizabethfoundation.org"],"url":"https:\/\/stelizabethfoundation.org\/es\/author\/gatorworksdev\/"}]}},"_links":{"self":[{"href":"https:\/\/stelizabethfoundation.org\/es\/wp-json\/wp\/v2\/posts\/2520","targetHints":{"allow":["GET"]}}],"collection":[{"href":"https:\/\/stelizabethfoundation.org\/es\/wp-json\/wp\/v2\/posts"}],"about":[{"href":"https:\/\/stelizabethfoundation.org\/es\/wp-json\/wp\/v2\/types\/post"}],"author":[{"embeddable":true,"href":"https:\/\/stelizabethfoundation.org\/es\/wp-json\/wp\/v2\/users\/1"}],"replies":[{"embeddable":true,"href":"https:\/\/stelizabethfoundation.org\/es\/wp-json\/wp\/v2\/comments?post=2520"}],"version-history":[{"count":0,"href":"https:\/\/stelizabethfoundation.org\/es\/wp-json\/wp\/v2\/posts\/2520\/revisions"}],"wp:featuredmedia":[{"embeddable":true,"href":"https:\/\/stelizabethfoundation.org\/es\/wp-json\/wp\/v2\/media\/2497"}],"wp:attachment":[{"href":"https:\/\/stelizabethfoundation.org\/es\/wp-json\/wp\/v2\/media?parent=2520"}],"wp:term":[{"taxonomy":"category","embeddable":true,"href":"https:\/\/stelizabethfoundation.org\/es\/wp-json\/wp\/v2\/categories?post=2520"},{"taxonomy":"post_tag","embeddable":true,"href":"https:\/\/stelizabethfoundation.org\/es\/wp-json\/wp\/v2\/tags?post=2520"}],"curies":[{"name":"wp","href":"https:\/\/api.w.org\/{rel}","templated":true}]}}